{"id":954,"date":"2022-11-15T19:47:21","date_gmt":"2022-11-15T22:47:21","guid":{"rendered":"https:\/\/www.ambiental.media\/artigos\/?p=954"},"modified":"2022-11-18T16:58:38","modified_gmt":"2022-11-18T19:58:38","slug":"aquazonia-a-reportagem-da-ambiental-que-ganhou-tres-premios-de-jornalismo","status":"publish","type":"post","link":"https:\/\/www.ambiental.media\/artigos\/aquazonia-a-reportagem-da-ambiental-que-ganhou-tres-premios-de-jornalismo\/","title":{"rendered":"Aquaz\u00f4nia, a reportagem da Ambiental que ganhou tr\u00eas pr\u00eamios de jornalismo"},"content":{"rendered":"\n<p>Por Ronaldo Ribeiro<\/p>\n\n\n\n<p>No in\u00edcio deste m\u00eas, a Ambiental Media conquistou, com o projeto <a rel=\"noreferrer noopener\" href=\"https:\/\/aquazonia.ambiental.media\/\" target=\"_blank\">Aquaz\u00f4nia<\/a>, o mais importante pr\u00eamio de jornalismo de dados do Brasil, o <a rel=\"noreferrer noopener\" href=\"https:\/\/escoladedados.org\/conheca-os-finalistas-da-quarta-edicao-do-premio-claudio-weber-abramo-de-jornalismo-de-dados\/\" target=\"_blank\">Cl\u00e1udio Weber Abramo<\/a>. Kevin Damasio, rep\u00f3rter do projeto, recebeu a honraria durante a 7\u00aa Confer\u00eancia de Jornalismo de Dados e M\u00e9todos Digitais (Coda.Br), em S\u00e3o Paulo. Em sua quarta edi\u00e7\u00e3o, o pr\u00eamio teve 115 inscritos de todo o pa\u00eds, com trabalhos em diversos temas e formatos privilegiando o uso de dados para compor a narrativa jornal\u00edstica.<\/p>\n\n\n\n<p>Aquaz\u00f4nia foi desenvolvido pela equipe da Ambiental Media \u2013 o coordenador Thiago Medaglia, a editora de infografia Laura Kurtzberg (autora dos mapas premiados), a bi\u00f3loga Cec\u00edlia Gontijo Leal, o editor Ronaldo Ribeiro e os rep\u00f3rteres Let\u00edcia Klein e Kevin Damasio \u2013 com apoio do <a rel=\"noreferrer noopener\" href=\"https:\/\/serrapilheira.org\/projetos\/aquazonia-a-floresta-agua\/\" target=\"_blank\">Instituto Serrapilheira<\/a>.<\/p>\n\n\n\n<p>Premiado na categoria Visualiza\u00e7\u00e3o, a reportagem foi inovadora ao colocar o elemento \u00e1gua como prioridade na aferi\u00e7\u00e3o dos impactos de atividades humanas na conserva\u00e7\u00e3o da Floresta Amaz\u00f4nica. No debate internacional, predomina h\u00e1 d\u00e9cadas um padr\u00e3o de levantamento e an\u00e1lise de dados sobre a degrada\u00e7\u00e3o da cobertura vegetal: as queimadas, o desmatamento, os garimpeiros, o boi, a soja. Os ecossistemas aqu\u00e1ticos tamb\u00e9m sofrem com todas as mazelas das atividades humanas predat\u00f3rias &#8211; entre outros fatores, a perda da floresta afeta o ciclo hidrol\u00f3gico -, mas os danos s\u00e3o mais dif\u00edceis de serem identificados e entendidos, seja em monitoramento remoto ou em dados de pesquisas cient\u00edficas.&nbsp;<\/p>\n\n\n\n<p>O m\u00e9rito de Aquaz\u00f4nia foi redirecionar a discuss\u00e3o para os recursos h\u00eddricos por meio da cria\u00e7\u00e3o do \u00cdndice de Impacto nas \u00c1guas da Amaz\u00f4nia (IIAA), um recurso claro e did\u00e1tico. \u201cMesmo que a maioria dos impactos aferidos no \u00edndice esteja acontecendo na terra, o nosso olhar voltou-se para a localiza\u00e7\u00e3o, a intensidade e a escala da press\u00e3o que exercem sobre os corpos h\u00eddricos, em cada microbacia\u201d, explica Cec\u00edlia Gontijo Leal, bi\u00f3loga brasileira vinculada \u00e0 Universidade de Lancaster, no Reino Unido, consultora cient\u00edfica do projeto e principal autora do \u00edndice.<\/p>\n\n\n\n<p>Uma das principais conclus\u00f5es do trabalho foi a de que ao menos 20% de todas as microbacias da Amaz\u00f4nia j\u00e1 sofrem alto impacto das atividades humanas ao seu redor, manchete que rodou o Brasil em reportagens de ve\u00edculos como Folha de S\u00e3o Paulo, TV Globo, National Geographic Brasil e v\u00e1rios outros, sobretudo ve\u00edculos locais em estados amaz\u00f4nicos, al\u00e9m de ter recebido <a rel=\"noreferrer noopener\" href=\"https:\/\/news.mongabay.com\/2022\/05\/a-new-index-measures-the-human-impacts-on-amazon-waters\/\" target=\"_blank\">cobertura internacional<\/a>.&nbsp;<\/p>\n\n\n\n<p>Segundo o j\u00fari, a visualiza\u00e7\u00e3o se destacou porque melhor incorporou a narrativa jornal\u00edstica nos dados e imagens que contaram a hist\u00f3ria. \u201c\u00c9 elegante nas cores e navega\u00e7\u00e3o. Fez bom uso do recurso 3D para dar dramaticidade \u00e0 narrativa e prender o leitor\u201d. Os jurados tamb\u00e9m entenderam que \u201ca metodologia aponta o uso de consultoria cient\u00edfica e aproveitamento dos mais modernos estudos sobre o tema, al\u00e9m dos dados p\u00fablicos. Com isso, esse trabalho d\u00e1 um passo al\u00e9m do que se v\u00ea at\u00e9 aqui nos melhores trabalhos de jornalismo de dados normalmente produzidos no Brasil\u201d.<\/p>\n\n\n\n<p>Aquaz\u00f4nia j\u00e1 havia sido considerada <a href=\"https:\/\/www.eldiario.es\/redaccion\/especial-espana-vive-pisos-eldiario-gana-premio-world-digital-media-2022_132_9580857.html\" target=\"_blank\" rel=\"noreferrer noopener\">uma das tr\u00eas melhores visualiza\u00e7\u00f5es de dados do mundo em 2022<\/a> no pr\u00eamio World Digital Media, da Associa\u00e7\u00e3o Mundial de Editores de Not\u00edcias (WAN-IFRA). A reportagem, <a rel=\"noreferrer noopener\" href=\"https:\/\/wan-ifra.org\/events\/premios-digital-media-latam\/\" target=\"_blank\">vencedora das categorias visualiza\u00e7\u00e3o de dados geral e reda\u00e7\u00f5es m\u00e9dias ou pequenas na Am\u00e9rica Latina<\/a>, concorreu com os vencedores de outras partes do mundo.&nbsp;<\/p>\n\n\n\n<p>\u201cS\u00e3o conquistas que premiam a maturidade da produ\u00e7\u00e3o editorial da Ambiental\u201d, diz o fundador Thiago Medaglia. \u201cAquaz\u00f4nia sintetiza um esfor\u00e7o acumulado ao longo dos \u00faltimos 6 anos na busca por excel\u00eancia na comunica\u00e7\u00e3o dos temas socioambientais, tendo sempre a ci\u00eancia como um dos pilares dos nossos conte\u00fados inovadores. \u00c9 uma vit\u00f3ria de todos os profissionais que ajudaram a construir a Ambiental.&#8221;<\/p>\n","protected":false},"excerpt":{"rendered":"<p>Por Ronaldo Ribeiro No in\u00edcio deste m\u00eas, a Ambiental Media conquistou, com o projeto Aquaz\u00f4nia, o mais importante pr\u00eamio de jornalismo de dados do Brasil,&hellip;<\/p>\n","protected":false},"author":9,"featured_media":967,"comment_status":"open","ping_status":"open","sticky":false,"template":"","format":"standard","meta":[],"categories":[34],"tags":[],"wps_subtitle":"","_links":{"self":[{"href":"https:\/\/www.ambiental.media\/artigos\/wp-json\/wp\/v2\/posts\/954"}],"collection":[{"href":"https:\/\/www.ambiental.media\/artigos\/wp-json\/wp\/v2\/posts"}],"about":[{"href":"https:\/\/www.ambiental.media\/artigos\/wp-json\/wp\/v2\/types\/post"}],"author":[{"embeddable":true,"href":"https:\/\/www.ambiental.media\/artigos\/wp-json\/wp\/v2\/users\/9"}],"replies":[{"embeddable":true,"href":"https:\/\/www.ambiental.media\/artigos\/wp-json\/wp\/v2\/comments?post=954"}],"version-history":[{"count":5,"href":"https:\/\/www.ambiental.media\/artigos\/wp-json\/wp\/v2\/posts\/954\/revisions"}],"predecessor-version":[{"id":980,"href":"https:\/\/www.ambiental.media\/artigos\/wp-json\/wp\/v2\/posts\/954\/revisions\/980"}],"wp:featuredmedia":[{"embeddable":true,"href":"https:\/\/www.ambiental.media\/artigos\/wp-json\/wp\/v2\/media\/967"}],"wp:attachment":[{"href":"https:\/\/www.ambiental.media\/artigos\/wp-json\/wp\/v2\/media?parent=954"}],"wp:term":[{"taxonomy":"category","embeddable":true,"href":"https:\/\/www.ambiental.media\/artigos\/wp-json\/wp\/v2\/categories?post=954"},{"taxonomy":"post_tag","embeddable":true,"href":"https:\/\/www.ambiental.media\/artigos\/wp-json\/wp\/v2\/tags?post=954"}],"curies":[{"name":"wp","href":"https:\/\/api.w.org\/{rel}","templated":true}]}}